{"id":656,"date":"2020-12-02T15:54:31","date_gmt":"2020-12-02T14:54:31","guid":{"rendered":"http:\/\/www.flane.ch\/blog\/?p=656"},"modified":"2020-12-02T16:32:08","modified_gmt":"2020-12-02T15:32:08","slug":"aws-reinvent-2020","status":"publish","type":"post","link":"https:\/\/www.flane.ch\/blog\/2020\/12\/02\/aws-reinvent-2020\/","title":{"rendered":"AWS re:Invent 2020 \u2013 Erste News \u2013 EC2 auf Mac Basis"},"content":{"rendered":"\n<div class=\"wp-block-image\"><figure class=\"aligncenter size-large is-resized\"><img loading=\"lazy\" decoding=\"async\" src=\"https:\/\/www.flane.ch\/blog\/wp-content\/uploads\/2020\/12\/reinventnews-1024x576.png\" alt=\"\" class=\"wp-image-684\" width=\"1097\" height=\"617\" srcset=\"https:\/\/www.flane.ch\/blog\/wp-content\/uploads\/2020\/12\/reinventnews-1024x576.png 1024w, https:\/\/www.flane.ch\/blog\/wp-content\/uploads\/2020\/12\/reinventnews-900x506.png 900w, https:\/\/www.flane.ch\/blog\/wp-content\/uploads\/2020\/12\/reinventnews-768x432.png 768w, https:\/\/www.flane.ch\/blog\/wp-content\/uploads\/2020\/12\/reinventnews-640x360.png 640w, https:\/\/www.flane.ch\/blog\/wp-content\/uploads\/2020\/12\/reinventnews.png 1200w\" sizes=\"auto, (max-width: 1097px) 100vw, 1097px\" \/><\/figure><\/div>\n\n\n\n<p>Die re:Invent findet dieses Jahr \u00abnur\u00bb virtuell statt. Anstatt w\u00e4hrend einer Woche, erfolgt sie verteilt \u00fcber drei Wochen. Ein Vorteil; das Event ist somit f\u00fcr alle komplett kostenlos geniessbar!<\/p>\n\n\n\n<p>Der Startschuss fiel gestern und wir werden dieses Jahr bis am 30.12.2020 Session geniessen k\u00f6nnen. Am 12.01 \u2013 14.01.2021 geht es sogar noch weiter.<\/p>\n\n\n\n<p>Wir werden Sie mit Zusammenfassungen und News w\u00e4hrend dieser Zeit versorgen.<\/p>\n\n\n\n<p>Eines der ersten Announcements sind MacOS EC2 Instanzen.\u00a0 Das heisst, Entwickler k\u00f6nnen neu auf AWS Ressourcen zugreifen, um f\u00fcr das Apple EcoSystem zu entwickeln. Im Moment ist dies mit EC2 Dedicated Hosts umgesetzt.<\/p>\n\n\n\n<p>Der Service ist ab sofort in folgenden Regionen verf\u00fcgbar:<br>US East (N. Virginia), US East (Ohio), US West (Oregon), EU (Ireland), and Asia-Pacific (Singapore)<\/p>\n\n\n\n<p>F\u00fcr dedizierte Instanzen ist eine Minimum Abnahme von 24h notwendig.<\/p>\n\n\n\n<h2 class=\"wp-block-heading\">Erste Schritte mit den neuen Instanzen<\/h2>\n\n\n\n<p>Wir wechseln mal unsere Region auf Irland und sehen was da m\u00f6glich ist \ud83d\ude0a.<\/p>\n\n\n\n<p>Als erstes gehen wir in die \u00abService Quotas\u00bb auf \u00abAmazon Elastic Compute Cloud (Amazon EC2).<\/p>\n\n\n\n<div class=\"wp-block-image\"><figure class=\"aligncenter size-large is-resized\"><img loading=\"lazy\" decoding=\"async\" src=\"https:\/\/www.flane.ch\/blog\/wp-content\/uploads\/2020\/12\/1-1024x619.png\" alt=\"\" class=\"wp-image-657\" width=\"1047\" height=\"633\" srcset=\"https:\/\/www.flane.ch\/blog\/wp-content\/uploads\/2020\/12\/1-1024x619.png 1024w, https:\/\/www.flane.ch\/blog\/wp-content\/uploads\/2020\/12\/1-900x544.png 900w, https:\/\/www.flane.ch\/blog\/wp-content\/uploads\/2020\/12\/1-768x464.png 768w, https:\/\/www.flane.ch\/blog\/wp-content\/uploads\/2020\/12\/1-640x387.png 640w, https:\/\/www.flane.ch\/blog\/wp-content\/uploads\/2020\/12\/1.png 1518w\" sizes=\"auto, (max-width: 1047px) 100vw, 1047px\" \/><\/figure><\/div>\n\n\n\n<p>Dort suchen wir nach \u00abmac\u00bb. Jetzt sehen wir, dass das Default Quota auf 0 ist. Unser aktuelles Quota ist aber 1, das heisst, wir k\u00f6nnen das anpassen lassen.<\/p>\n\n\n\n<div class=\"wp-block-image\"><figure class=\"aligncenter size-large is-resized\"><img loading=\"lazy\" decoding=\"async\" src=\"https:\/\/www.flane.ch\/blog\/wp-content\/uploads\/2020\/12\/2-1024x244.png\" alt=\"\" class=\"wp-image-658\" width=\"1247\" height=\"297\" srcset=\"https:\/\/www.flane.ch\/blog\/wp-content\/uploads\/2020\/12\/2-1024x244.png 1024w, https:\/\/www.flane.ch\/blog\/wp-content\/uploads\/2020\/12\/2-900x215.png 900w, https:\/\/www.flane.ch\/blog\/wp-content\/uploads\/2020\/12\/2-768x183.png 768w, https:\/\/www.flane.ch\/blog\/wp-content\/uploads\/2020\/12\/2-640x153.png 640w, https:\/\/www.flane.ch\/blog\/wp-content\/uploads\/2020\/12\/2.png 1378w\" sizes=\"auto, (max-width: 1247px) 100vw, 1247px\" \/><\/figure><\/div>\n\n\n\n<p>Wir klicken dazu auf \u00abRequest quota increase\u00bb<\/p>\n\n\n\n<div class=\"wp-block-image\"><figure class=\"aligncenter size-large is-resized\"><img loading=\"lazy\" decoding=\"async\" src=\"https:\/\/www.flane.ch\/blog\/wp-content\/uploads\/2020\/12\/3-1024x695.png\" alt=\"\" class=\"wp-image-659\" width=\"1440\" height=\"977\" srcset=\"https:\/\/www.flane.ch\/blog\/wp-content\/uploads\/2020\/12\/3-1024x695.png 1024w, https:\/\/www.flane.ch\/blog\/wp-content\/uploads\/2020\/12\/3-900x611.png 900w, https:\/\/www.flane.ch\/blog\/wp-content\/uploads\/2020\/12\/3-768x521.png 768w, https:\/\/www.flane.ch\/blog\/wp-content\/uploads\/2020\/12\/3-640x434.png 640w, https:\/\/www.flane.ch\/blog\/wp-content\/uploads\/2020\/12\/3.png 1129w\" sizes=\"auto, (max-width: 1440px) 100vw, 1440px\" \/><\/figure><\/div>\n\n\n\n<p>Ich setzte mal eine \u00ab2\u00bb und gehe auf \u00abRequest\u00bb. Jetzt sehe ich den Status \u00abPending\u00bb &#8211; nun heisst es abwarten und Tee trinken. Wahrscheinlich bin ich nicht der einzige \ud83d\ude0a.<\/p>\n\n\n\n<div class=\"wp-block-image\"><figure class=\"aligncenter size-large is-resized\"><img loading=\"lazy\" decoding=\"async\" src=\"https:\/\/www.flane.ch\/blog\/wp-content\/uploads\/2020\/12\/4-1024x69.png\" alt=\"\" class=\"wp-image-660\" width=\"1232\" height=\"83\" srcset=\"https:\/\/www.flane.ch\/blog\/wp-content\/uploads\/2020\/12\/4-1024x69.png 1024w, https:\/\/www.flane.ch\/blog\/wp-content\/uploads\/2020\/12\/4-900x61.png 900w, https:\/\/www.flane.ch\/blog\/wp-content\/uploads\/2020\/12\/4-768x52.png 768w, https:\/\/www.flane.ch\/blog\/wp-content\/uploads\/2020\/12\/4-1536x104.png 1536w, https:\/\/www.flane.ch\/blog\/wp-content\/uploads\/2020\/12\/4-2048x138.png 2048w, https:\/\/www.flane.ch\/blog\/wp-content\/uploads\/2020\/12\/4-640x43.png 640w\" sizes=\"auto, (max-width: 1232px) 100vw, 1232px\" \/><\/figure><\/div>\n\n\n\n<p>Nach kurzer Zeit wechselt der Status auf \u00abQuota requested\u00bb und es wird ein Ticket generiert.<\/p>\n\n\n\n<div class=\"wp-block-image\"><figure class=\"aligncenter size-large is-resized\"><img loading=\"lazy\" decoding=\"async\" src=\"https:\/\/www.flane.ch\/blog\/wp-content\/uploads\/2020\/12\/5-1024x68.png\" alt=\"\" class=\"wp-image-661\" width=\"1432\" height=\"95\" srcset=\"https:\/\/www.flane.ch\/blog\/wp-content\/uploads\/2020\/12\/5-1024x68.png 1024w, https:\/\/www.flane.ch\/blog\/wp-content\/uploads\/2020\/12\/5-900x60.png 900w, https:\/\/www.flane.ch\/blog\/wp-content\/uploads\/2020\/12\/5-768x51.png 768w, https:\/\/www.flane.ch\/blog\/wp-content\/uploads\/2020\/12\/5-1536x102.png 1536w, https:\/\/www.flane.ch\/blog\/wp-content\/uploads\/2020\/12\/5-2048x136.png 2048w, https:\/\/www.flane.ch\/blog\/wp-content\/uploads\/2020\/12\/5-640x43.png 640w\" sizes=\"auto, (max-width: 1432px) 100vw, 1432px\" \/><\/figure><\/div>\n\n\n\n<p>Nach einiger Zeit war jedoch klar, dass der Ansturm hoch ist.<\/p>\n\n\n\n<div class=\"wp-block-image\"><figure class=\"aligncenter size-large is-resized\"><img loading=\"lazy\" decoding=\"async\" src=\"https:\/\/www.flane.ch\/blog\/wp-content\/uploads\/2020\/12\/6-1024x152.png\" alt=\"\" class=\"wp-image-662\" width=\"1254\" height=\"186\" srcset=\"https:\/\/www.flane.ch\/blog\/wp-content\/uploads\/2020\/12\/6-1024x152.png 1024w, https:\/\/www.flane.ch\/blog\/wp-content\/uploads\/2020\/12\/6-900x134.png 900w, https:\/\/www.flane.ch\/blog\/wp-content\/uploads\/2020\/12\/6-768x114.png 768w, https:\/\/www.flane.ch\/blog\/wp-content\/uploads\/2020\/12\/6-640x95.png 640w, https:\/\/www.flane.ch\/blog\/wp-content\/uploads\/2020\/12\/6.png 1115w\" sizes=\"auto, (max-width: 1254px) 100vw, 1254px\" \/><\/figure><\/div>\n\n\n\n<p>Also bin ich auf die \u00abOhio Region\u00bb geswitched und habe da einen \u00abQuota\u00bb Request unternommen. Dieser wurde in wenigen Sekunden f\u00fcr gut befunden.<\/p>\n\n\n\n<p>Nun kann ich im Service \u00abEC2\u00bb unter Dedicated Hosts einen neuen anlegen.<\/p>\n\n\n\n<div class=\"wp-block-image\"><figure class=\"aligncenter size-large is-resized\"><img loading=\"lazy\" decoding=\"async\" src=\"https:\/\/www.flane.ch\/blog\/wp-content\/uploads\/2020\/12\/7-1024x127.png\" alt=\"\" class=\"wp-image-663\" width=\"1449\" height=\"179\" srcset=\"https:\/\/www.flane.ch\/blog\/wp-content\/uploads\/2020\/12\/7-1024x127.png 1024w, https:\/\/www.flane.ch\/blog\/wp-content\/uploads\/2020\/12\/7-900x111.png 900w, https:\/\/www.flane.ch\/blog\/wp-content\/uploads\/2020\/12\/7-768x95.png 768w, https:\/\/www.flane.ch\/blog\/wp-content\/uploads\/2020\/12\/7-640x79.png 640w, https:\/\/www.flane.ch\/blog\/wp-content\/uploads\/2020\/12\/7.png 1375w\" sizes=\"auto, (max-width: 1449px) 100vw, 1449px\" \/><\/figure><\/div>\n\n\n\n<p>Im n\u00e4chsten Fenster w\u00e4hle ich einen beliebigen Namen. <\/p>\n\n\n\n<p><strong>Wichtig: <\/strong>Ich setzte die Instance Family auf \u00abmac1\u00bb deaktiviere \u00abSupport multiple instance types\u00bb und definiere als \u00abInstance type\u00bb mac1.metal.<\/p>\n\n\n\n<div class=\"wp-block-image\"><figure class=\"aligncenter size-large is-resized\"><img loading=\"lazy\" decoding=\"async\" src=\"https:\/\/www.flane.ch\/blog\/wp-content\/uploads\/2020\/12\/8-641x1024.png\" alt=\"\" class=\"wp-image-664\" width=\"1361\" height=\"2174\" srcset=\"https:\/\/www.flane.ch\/blog\/wp-content\/uploads\/2020\/12\/8-641x1024.png 641w, https:\/\/www.flane.ch\/blog\/wp-content\/uploads\/2020\/12\/8-564x900.png 564w, https:\/\/www.flane.ch\/blog\/wp-content\/uploads\/2020\/12\/8-768x1226.png 768w, https:\/\/www.flane.ch\/blog\/wp-content\/uploads\/2020\/12\/8-962x1536.png 962w, https:\/\/www.flane.ch\/blog\/wp-content\/uploads\/2020\/12\/8-640x1022.png 640w, https:\/\/www.flane.ch\/blog\/wp-content\/uploads\/2020\/12\/8.png 1147w\" sizes=\"auto, (max-width: 1361px) 100vw, 1361px\" \/><\/figure><\/div>\n\n\n\n<p>Ansonsten erhalte ich eine Fehlermeldung.<\/p>\n\n\n\n<p>Das Ganze best\u00e4tige ich dann mit \u00abAllocate\u00bb<\/p>\n\n\n\n<div class=\"wp-block-image\"><figure class=\"aligncenter size-large is-resized\"><img loading=\"lazy\" decoding=\"async\" src=\"https:\/\/www.flane.ch\/blog\/wp-content\/uploads\/2020\/12\/9-1024x110.png\" alt=\"\" class=\"wp-image-665\" width=\"1450\" height=\"155\" srcset=\"https:\/\/www.flane.ch\/blog\/wp-content\/uploads\/2020\/12\/9-1024x110.png 1024w, https:\/\/www.flane.ch\/blog\/wp-content\/uploads\/2020\/12\/9-900x97.png 900w, https:\/\/www.flane.ch\/blog\/wp-content\/uploads\/2020\/12\/9-768x83.png 768w, https:\/\/www.flane.ch\/blog\/wp-content\/uploads\/2020\/12\/9-1536x165.png 1536w, https:\/\/www.flane.ch\/blog\/wp-content\/uploads\/2020\/12\/9-2048x220.png 2048w, https:\/\/www.flane.ch\/blog\/wp-content\/uploads\/2020\/12\/9-640x69.png 640w\" sizes=\"auto, (max-width: 1450px) 100vw, 1450px\" \/><\/figure><\/div>\n\n\n\n<p>Und siehe da: Ich konnte meinen EC2 Dedicated Host starten \ud83d\ude0a<\/p>\n\n\n\n<p>So, nun weiter im Kontext.<\/p>\n\n\n\n<p>Im EC2 Service&#8230;<\/p>\n\n\n\n<div class=\"wp-block-image\"><figure class=\"aligncenter size-large is-resized\"><img loading=\"lazy\" decoding=\"async\" src=\"https:\/\/www.flane.ch\/blog\/wp-content\/uploads\/2020\/12\/10.png\" alt=\"\" class=\"wp-image-666\" width=\"1363\" height=\"746\" srcset=\"https:\/\/www.flane.ch\/blog\/wp-content\/uploads\/2020\/12\/10.png 949w, https:\/\/www.flane.ch\/blog\/wp-content\/uploads\/2020\/12\/10-900x493.png 900w, https:\/\/www.flane.ch\/blog\/wp-content\/uploads\/2020\/12\/10-768x421.png 768w, https:\/\/www.flane.ch\/blog\/wp-content\/uploads\/2020\/12\/10-640x351.png 640w\" sizes=\"auto, (max-width: 1363px) 100vw, 1363px\" \/><\/figure><\/div>\n\n\n\n<div class=\"wp-block-image\"><figure class=\"aligncenter size-large is-resized\"><img loading=\"lazy\" decoding=\"async\" src=\"https:\/\/www.flane.ch\/blog\/wp-content\/uploads\/2020\/12\/11-1024x478.png\" alt=\"\" class=\"wp-image-667\" width=\"1449\" height=\"676\" srcset=\"https:\/\/www.flane.ch\/blog\/wp-content\/uploads\/2020\/12\/11-1024x478.png 1024w, https:\/\/www.flane.ch\/blog\/wp-content\/uploads\/2020\/12\/11-900x420.png 900w, https:\/\/www.flane.ch\/blog\/wp-content\/uploads\/2020\/12\/11-768x358.png 768w, https:\/\/www.flane.ch\/blog\/wp-content\/uploads\/2020\/12\/11-640x299.png 640w, https:\/\/www.flane.ch\/blog\/wp-content\/uploads\/2020\/12\/11.png 1104w\" sizes=\"auto, (max-width: 1449px) 100vw, 1449px\" \/><\/figure><\/div>\n\n\n\n<p>&#8230;gehen wir auf \u00abLaunch instance\u00bb<\/p>\n\n\n\n<div class=\"wp-block-image\"><figure class=\"aligncenter size-large is-resized\"><img loading=\"lazy\" decoding=\"async\" src=\"https:\/\/www.flane.ch\/blog\/wp-content\/uploads\/2020\/12\/12-1024x337.png\" alt=\"\" class=\"wp-image-668\" width=\"1132\" height=\"372\" srcset=\"https:\/\/www.flane.ch\/blog\/wp-content\/uploads\/2020\/12\/12-1024x337.png 1024w, https:\/\/www.flane.ch\/blog\/wp-content\/uploads\/2020\/12\/12-900x297.png 900w, https:\/\/www.flane.ch\/blog\/wp-content\/uploads\/2020\/12\/12-768x253.png 768w, https:\/\/www.flane.ch\/blog\/wp-content\/uploads\/2020\/12\/12-640x211.png 640w, https:\/\/www.flane.ch\/blog\/wp-content\/uploads\/2020\/12\/12.png 1378w\" sizes=\"auto, (max-width: 1132px) 100vw, 1132px\" \/><\/figure><\/div>\n\n\n\n<p>Hier k\u00f6nnen wir macOS Catalina oder das \u00e4ltere macOS Mojave ausw\u00e4hlen. Das neuste macOS Big Sur und die Unterst\u00fctzung f\u00fcr M1 (ARM) basierte Macs soll folgen. Die M1 (ARM-CPU) Unterst\u00fctzung wurde auf n\u00e4chstes Jahr angek\u00fcndigt.<\/p>\n\n\n\n<p>Ich w\u00e4hle f\u00fcr den Test \u00abmacOS Catalina 10.15.7\u00bb.<\/p>\n\n\n\n<p>Als Instanz Typ w\u00e4hle ich mac1.metal. Welches im Moment zur Verf\u00fcgung steht:<\/p>\n\n\n\n<div class=\"wp-block-image\"><figure class=\"aligncenter size-large is-resized\"><img loading=\"lazy\" decoding=\"async\" src=\"https:\/\/www.flane.ch\/blog\/wp-content\/uploads\/2020\/12\/13-1024x163.png\" alt=\"\" class=\"wp-image-669\" width=\"1450\" height=\"230\" srcset=\"https:\/\/www.flane.ch\/blog\/wp-content\/uploads\/2020\/12\/13-1024x163.png 1024w, https:\/\/www.flane.ch\/blog\/wp-content\/uploads\/2020\/12\/13-900x143.png 900w, https:\/\/www.flane.ch\/blog\/wp-content\/uploads\/2020\/12\/13-768x122.png 768w, https:\/\/www.flane.ch\/blog\/wp-content\/uploads\/2020\/12\/13-640x102.png 640w, https:\/\/www.flane.ch\/blog\/wp-content\/uploads\/2020\/12\/13.png 1378w\" sizes=\"auto, (max-width: 1450px) 100vw, 1450px\" \/><\/figure><\/div>\n\n\n\n<p>Die \u00abInstance\u00bb Einstellungen belasse ich mal auf Standard. W\u00e4hle nur ein \u00abdefault\u00bb VPC aus, welches wir in dieser Region haben.<\/p>\n\n\n\n<div class=\"wp-block-image\"><figure class=\"aligncenter size-large is-resized\"><img loading=\"lazy\" decoding=\"async\" src=\"https:\/\/www.flane.ch\/blog\/wp-content\/uploads\/2020\/12\/14-1024x432.png\" alt=\"\" class=\"wp-image-670\" width=\"1309\" height=\"552\" srcset=\"https:\/\/www.flane.ch\/blog\/wp-content\/uploads\/2020\/12\/14-1024x432.png 1024w, https:\/\/www.flane.ch\/blog\/wp-content\/uploads\/2020\/12\/14-900x380.png 900w, https:\/\/www.flane.ch\/blog\/wp-content\/uploads\/2020\/12\/14-768x324.png 768w, https:\/\/www.flane.ch\/blog\/wp-content\/uploads\/2020\/12\/14-1536x648.png 1536w, https:\/\/www.flane.ch\/blog\/wp-content\/uploads\/2020\/12\/14-2048x864.png 2048w, https:\/\/www.flane.ch\/blog\/wp-content\/uploads\/2020\/12\/14-640x270.png 640w\" sizes=\"auto, (max-width: 1309px) 100vw, 1309px\" \/><\/figure><\/div>\n\n\n\n<p>Da ich bereits einen dedizierten Server (Host) habe, bestimme ich diesen.<\/p>\n\n\n\n<div class=\"wp-block-image\"><figure class=\"aligncenter size-large is-resized\"><img loading=\"lazy\" decoding=\"async\" src=\"https:\/\/www.flane.ch\/blog\/wp-content\/uploads\/2020\/12\/15-1024x311.png\" alt=\"\" class=\"wp-image-671\" width=\"1308\" height=\"397\" srcset=\"https:\/\/www.flane.ch\/blog\/wp-content\/uploads\/2020\/12\/15-1024x311.png 1024w, https:\/\/www.flane.ch\/blog\/wp-content\/uploads\/2020\/12\/15-900x273.png 900w, https:\/\/www.flane.ch\/blog\/wp-content\/uploads\/2020\/12\/15-768x233.png 768w, https:\/\/www.flane.ch\/blog\/wp-content\/uploads\/2020\/12\/15-640x194.png 640w, https:\/\/www.flane.ch\/blog\/wp-content\/uploads\/2020\/12\/15.png 1380w\" sizes=\"auto, (max-width: 1308px) 100vw, 1308px\" \/><\/figure><\/div>\n\n\n\n<p>Dann best\u00e4tige ich mit dem Klick auf \u00abNext: Add Storage\u00bb.<\/p>\n\n\n\n<div class=\"wp-block-image\"><figure class=\"aligncenter size-large is-resized\"><img loading=\"lazy\" decoding=\"async\" src=\"https:\/\/www.flane.ch\/blog\/wp-content\/uploads\/2020\/12\/16-1024x277.png\" alt=\"\" class=\"wp-image-672\" width=\"1261\" height=\"340\" srcset=\"https:\/\/www.flane.ch\/blog\/wp-content\/uploads\/2020\/12\/16-1024x277.png 1024w, https:\/\/www.flane.ch\/blog\/wp-content\/uploads\/2020\/12\/16-900x244.png 900w, https:\/\/www.flane.ch\/blog\/wp-content\/uploads\/2020\/12\/16-768x208.png 768w, https:\/\/www.flane.ch\/blog\/wp-content\/uploads\/2020\/12\/16-640x173.png 640w\" sizes=\"auto, (max-width: 1261px) 100vw, 1261px\" \/><\/figure><\/div>\n\n\n\n<p>Durch das Nitro-System von AWS kann ich jetzt hier EBS Storage hinzuf\u00fcgen.<\/p>\n\n\n\n<div class=\"wp-block-image\"><figure class=\"aligncenter size-large is-resized\"><img loading=\"lazy\" decoding=\"async\" src=\"https:\/\/www.flane.ch\/blog\/wp-content\/uploads\/2020\/12\/17-1024x364.png\" alt=\"\" class=\"wp-image-673\" width=\"1065\" height=\"378\" srcset=\"https:\/\/www.flane.ch\/blog\/wp-content\/uploads\/2020\/12\/17-1024x364.png 1024w, https:\/\/www.flane.ch\/blog\/wp-content\/uploads\/2020\/12\/17-900x320.png 900w, https:\/\/www.flane.ch\/blog\/wp-content\/uploads\/2020\/12\/17-768x273.png 768w, https:\/\/www.flane.ch\/blog\/wp-content\/uploads\/2020\/12\/17-640x228.png 640w, https:\/\/www.flane.ch\/blog\/wp-content\/uploads\/2020\/12\/17.png 1378w\" sizes=\"auto, (max-width: 1065px) 100vw, 1065px\" \/><\/figure><\/div>\n\n\n\n<p>Ich belasse es beim Standard-Wert von \u00ab30 GB\u00bb, welcher f\u00fcr meinen Test reicht und selektiere \u00abNext: Add Tags\u00bb.<\/p>\n\n\n\n<div class=\"wp-block-image\"><figure class=\"aligncenter size-large is-resized\"><img loading=\"lazy\" decoding=\"async\" src=\"https:\/\/www.flane.ch\/blog\/wp-content\/uploads\/2020\/12\/18-1024x417.png\" alt=\"\" class=\"wp-image-674\" width=\"1034\" height=\"421\" srcset=\"https:\/\/www.flane.ch\/blog\/wp-content\/uploads\/2020\/12\/18-1024x417.png 1024w, https:\/\/www.flane.ch\/blog\/wp-content\/uploads\/2020\/12\/18-900x367.png 900w, https:\/\/www.flane.ch\/blog\/wp-content\/uploads\/2020\/12\/18-768x313.png 768w, https:\/\/www.flane.ch\/blog\/wp-content\/uploads\/2020\/12\/18-640x261.png 640w, https:\/\/www.flane.ch\/blog\/wp-content\/uploads\/2020\/12\/18.png 1379w\" sizes=\"auto, (max-width: 1034px) 100vw, 1034px\" \/><\/figure><\/div>\n\n\n\n<p>Hier f\u00fcge ich noch die gew\u00fcnschten Tags hinzu und gehe auf \u00abNext: Configure Security Group\u00bb<\/p>\n\n\n\n<div class=\"wp-block-image\"><figure class=\"aligncenter size-large is-resized\"><img loading=\"lazy\" decoding=\"async\" src=\"https:\/\/www.flane.ch\/blog\/wp-content\/uploads\/2020\/12\/19-1024x416.png\" alt=\"\" class=\"wp-image-675\" width=\"1078\" height=\"438\" srcset=\"https:\/\/www.flane.ch\/blog\/wp-content\/uploads\/2020\/12\/19-1024x416.png 1024w, https:\/\/www.flane.ch\/blog\/wp-content\/uploads\/2020\/12\/19-900x366.png 900w, https:\/\/www.flane.ch\/blog\/wp-content\/uploads\/2020\/12\/19-768x312.png 768w, https:\/\/www.flane.ch\/blog\/wp-content\/uploads\/2020\/12\/19-640x260.png 640w, https:\/\/www.flane.ch\/blog\/wp-content\/uploads\/2020\/12\/19.png 1378w\" sizes=\"auto, (max-width: 1078px) 100vw, 1078px\" \/><\/figure><\/div>\n\n\n\n<p>Ich gebe hier SSH und VNC frei f\u00fcr meine IP. Ich k\u00f6nnte auch \u00fcber SSH den VNC verkehr f\u00fcr den grafischen Remote Zugriff \u00abSchlaufen\u00bb, jedoch lebt diese Instanz nur f\u00fcr eine kurze Dauer. Somit erlaube ich den direkten Zugriff.<\/p>\n\n\n\n<p>Im letzten Review Fenster erhalte ich noch die Info, dass es kein Free Tier ist.<\/p>\n\n\n\n<div class=\"wp-block-image\"><figure class=\"aligncenter size-large is-resized\"><img loading=\"lazy\" decoding=\"async\" src=\"https:\/\/www.flane.ch\/blog\/wp-content\/uploads\/2020\/12\/20-1024x627.png\" alt=\"\" class=\"wp-image-676\" width=\"1152\" height=\"705\" srcset=\"https:\/\/www.flane.ch\/blog\/wp-content\/uploads\/2020\/12\/20-1024x627.png 1024w, https:\/\/www.flane.ch\/blog\/wp-content\/uploads\/2020\/12\/20-900x551.png 900w, https:\/\/www.flane.ch\/blog\/wp-content\/uploads\/2020\/12\/20-768x470.png 768w, https:\/\/www.flane.ch\/blog\/wp-content\/uploads\/2020\/12\/20-640x392.png 640w, https:\/\/www.flane.ch\/blog\/wp-content\/uploads\/2020\/12\/20.png 1377w\" sizes=\"auto, (max-width: 1152px) 100vw, 1152px\" \/><\/figure><\/div>\n\n\n\n<p>Ich gehe noch mal durch die Einstellungen und best\u00e4tige mit \u00abLaunch\u00bb.<\/p>\n\n\n\n<p>Jetzt darf ich noch meinen Key-Pair f\u00fcr den Zugriff definieren.<\/p>\n\n\n\n<div class=\"wp-block-image\"><figure class=\"aligncenter size-large is-resized\"><img loading=\"lazy\" decoding=\"async\" src=\"https:\/\/www.flane.ch\/blog\/wp-content\/uploads\/2020\/12\/21-1024x636.png\" alt=\"\" class=\"wp-image-677\" width=\"1450\" height=\"900\" srcset=\"https:\/\/www.flane.ch\/blog\/wp-content\/uploads\/2020\/12\/21-1024x636.png 1024w, https:\/\/www.flane.ch\/blog\/wp-content\/uploads\/2020\/12\/21-900x559.png 900w, https:\/\/www.flane.ch\/blog\/wp-content\/uploads\/2020\/12\/21-768x477.png 768w, https:\/\/www.flane.ch\/blog\/wp-content\/uploads\/2020\/12\/21-640x397.png 640w, https:\/\/www.flane.ch\/blog\/wp-content\/uploads\/2020\/12\/21.png 1060w\" sizes=\"auto, (max-width: 1450px) 100vw, 1450px\" \/><\/figure><\/div>\n\n\n\n<p>Dies best\u00e4tige ich mit \u00abLaunch Instances\u00bb<\/p>\n\n\n\n<div class=\"wp-block-image\"><figure class=\"aligncenter size-large is-resized\"><img loading=\"lazy\" decoding=\"async\" src=\"https:\/\/www.flane.ch\/blog\/wp-content\/uploads\/2020\/12\/22-1024x114.png\" alt=\"\" class=\"wp-image-678\" width=\"1440\" height=\"160\" srcset=\"https:\/\/www.flane.ch\/blog\/wp-content\/uploads\/2020\/12\/22-1024x114.png 1024w, https:\/\/www.flane.ch\/blog\/wp-content\/uploads\/2020\/12\/22-900x101.png 900w, https:\/\/www.flane.ch\/blog\/wp-content\/uploads\/2020\/12\/22-768x86.png 768w, https:\/\/www.flane.ch\/blog\/wp-content\/uploads\/2020\/12\/22-1536x172.png 1536w, https:\/\/www.flane.ch\/blog\/wp-content\/uploads\/2020\/12\/22-2048x229.png 2048w, https:\/\/www.flane.ch\/blog\/wp-content\/uploads\/2020\/12\/22-640x72.png 640w\" sizes=\"auto, (max-width: 1440px) 100vw, 1440px\" \/><\/figure><\/div>\n\n\n\n<p>Nach einer Weile steht die Instanz zur Verf\u00fcgung und ich kann mich wie gewohnt verbinden.<\/p>\n\n\n\n<div class=\"wp-block-image\"><figure class=\"aligncenter size-large is-resized\"><img loading=\"lazy\" decoding=\"async\" src=\"https:\/\/www.flane.ch\/blog\/wp-content\/uploads\/2020\/12\/23-1024x495.png\" alt=\"\" class=\"wp-image-679\" width=\"1246\" height=\"602\" srcset=\"https:\/\/www.flane.ch\/blog\/wp-content\/uploads\/2020\/12\/23-1024x495.png 1024w, https:\/\/www.flane.ch\/blog\/wp-content\/uploads\/2020\/12\/23-900x435.png 900w, https:\/\/www.flane.ch\/blog\/wp-content\/uploads\/2020\/12\/23-768x371.png 768w, https:\/\/www.flane.ch\/blog\/wp-content\/uploads\/2020\/12\/23-1536x743.png 1536w, https:\/\/www.flane.ch\/blog\/wp-content\/uploads\/2020\/12\/23-640x310.png 640w, https:\/\/www.flane.ch\/blog\/wp-content\/uploads\/2020\/12\/23.png 1557w\" sizes=\"auto, (max-width: 1246px) 100vw, 1246px\" \/><\/figure><\/div>\n\n\n\n<p>z.B. hier per SSH.<\/p>\n\n\n\n<div class=\"wp-block-image\"><figure class=\"aligncenter size-large is-resized\"><img loading=\"lazy\" decoding=\"async\" src=\"https:\/\/www.flane.ch\/blog\/wp-content\/uploads\/2020\/12\/24-1024x138.png\" alt=\"\" class=\"wp-image-680\" width=\"1218\" height=\"164\" srcset=\"https:\/\/www.flane.ch\/blog\/wp-content\/uploads\/2020\/12\/24-1024x138.png 1024w, https:\/\/www.flane.ch\/blog\/wp-content\/uploads\/2020\/12\/24-900x122.png 900w, https:\/\/www.flane.ch\/blog\/wp-content\/uploads\/2020\/12\/24-768x104.png 768w, https:\/\/www.flane.ch\/blog\/wp-content\/uploads\/2020\/12\/24-1536x208.png 1536w, https:\/\/www.flane.ch\/blog\/wp-content\/uploads\/2020\/12\/24-640x87.png 640w, https:\/\/www.flane.ch\/blog\/wp-content\/uploads\/2020\/12\/24.png 1561w\" sizes=\"auto, (max-width: 1218px) 100vw, 1218px\" \/><\/figure><\/div>\n\n\n\n<p>Oder wir k\u00f6nnen uns per VNC verbinden.<\/p>\n\n\n\n<div class=\"wp-block-image\"><figure class=\"aligncenter size-large is-resized\"><img loading=\"lazy\" decoding=\"async\" src=\"https:\/\/www.flane.ch\/blog\/wp-content\/uploads\/2020\/12\/30-1024x795.jpg\" alt=\"\" class=\"wp-image-681\" width=\"1184\" height=\"919\" srcset=\"https:\/\/www.flane.ch\/blog\/wp-content\/uploads\/2020\/12\/30-1024x795.jpg 1024w, https:\/\/www.flane.ch\/blog\/wp-content\/uploads\/2020\/12\/30-900x699.jpg 900w, https:\/\/www.flane.ch\/blog\/wp-content\/uploads\/2020\/12\/30-768x596.jpg 768w, https:\/\/www.flane.ch\/blog\/wp-content\/uploads\/2020\/12\/30-640x497.jpg 640w, https:\/\/www.flane.ch\/blog\/wp-content\/uploads\/2020\/12\/30.jpg 1377w\" sizes=\"auto, (max-width: 1184px) 100vw, 1184px\" \/><\/figure><\/div>\n\n\n\n<div class=\"wp-block-image\"><figure class=\"aligncenter size-large is-resized\"><img loading=\"lazy\" decoding=\"async\" src=\"https:\/\/www.flane.ch\/blog\/wp-content\/uploads\/2020\/12\/31-1024x801.jpg\" alt=\"\" class=\"wp-image-682\" width=\"1243\" height=\"972\" srcset=\"https:\/\/www.flane.ch\/blog\/wp-content\/uploads\/2020\/12\/31-1024x801.jpg 1024w, https:\/\/www.flane.ch\/blog\/wp-content\/uploads\/2020\/12\/31-900x704.jpg 900w, https:\/\/www.flane.ch\/blog\/wp-content\/uploads\/2020\/12\/31-768x601.jpg 768w, https:\/\/www.flane.ch\/blog\/wp-content\/uploads\/2020\/12\/31-640x501.jpg 640w, https:\/\/www.flane.ch\/blog\/wp-content\/uploads\/2020\/12\/31.jpg 1376w\" sizes=\"auto, (max-width: 1243px) 100vw, 1243px\" \/><\/figure><\/div>\n\n\n\n<p>Als Disk sehen wir das vorhin definierte EBS Volume.<\/p>\n\n\n\n<p>So, jetzt haben wir den ersten Mac Arbeitsplatz auf AWS eingerichtet. Diesen k\u00f6nnen wir jetzt z.B. f\u00fcr die Software-Entwicklung im iOS oder MacOS Bereich einsetzten!<\/p>\n","protected":false},"excerpt":{"rendered":"<p>Die re:Invent findet dieses Jahr \u00abnur\u00bb virtuell statt. Anstatt w\u00e4hrend einer Woche, erfolgt sie verteilt \u00fcber drei Wochen. Ein Vorteil; das Event ist somit f\u00fcr alle komplett kostenlos geniessbar! Der Startschuss fiel gestern und wir werden dieses Jahr bis am 30.12.2020 Session geniessen k\u00f6nnen. Am 12.01 \u2013 14.01.2021 geht es sogar noch weiter. Wir werden [&hellip;]<\/p>\n","protected":false},"author":5,"featured_media":0,"comment_status":"open","ping_status":"open","sticky":false,"template":"","format":"standard","meta":{"footnotes":""},"categories":[1,2],"tags":[70,71,78,18,6,79,80,76],"class_list":["post-656","post","type-post","status-publish","format-standard","hentry","category-allgemein","category-cloud","tag-amazon","tag-amazon-web-services","tag-apple","tag-aws","tag-cloud","tag-mac","tag-macos","tag-reinvent"],"yoast_head":"<!-- This site is optimized with the Yoast SEO plugin v26.6 - https:\/\/yoast.com\/wordpress\/plugins\/seo\/ -->\n<title>AWS re:Invent 2020 \u2013 Erste News \u2013 EC2 auf Mac Basis &#8211; Get AHead \u2013 The Swiss Fast Lane Blog<\/title>\n<meta name=\"robots\" content=\"index, follow, max-snippet:-1, max-image-preview:large, max-video-preview:-1\" \/>\n<link rel=\"canonical\" href=\"https:\/\/www.flane.ch\/blog\/2020\/12\/02\/aws-reinvent-2020\/\" \/>\n<meta name=\"twitter:card\" content=\"summary_large_image\" \/>\n<meta name=\"twitter:title\" content=\"AWS re:Invent 2020 \u2013 Erste News \u2013 EC2 auf Mac Basis &#8211; Get AHead \u2013 The Swiss Fast Lane Blog\" \/>\n<meta name=\"twitter:description\" content=\"Die re:Invent findet dieses Jahr \u00abnur\u00bb virtuell statt. Anstatt w\u00e4hrend einer Woche, erfolgt sie verteilt \u00fcber drei Wochen. Ein Vorteil; das Event ist somit f\u00fcr alle komplett kostenlos geniessbar! Der Startschuss fiel gestern und wir werden dieses Jahr bis am 30.12.2020 Session geniessen k\u00f6nnen. Am 12.01 \u2013 14.01.2021 geht es sogar noch weiter. Wir werden [&hellip;]\" \/>\n<meta name=\"twitter:image\" content=\"https:\/\/www.flane.ch\/blog\/wp-content\/uploads\/2020\/12\/reinventnews-1024x576.png\" \/>\n<meta name=\"twitter:creator\" content=\"@fastlanegermany\" \/>\n<meta name=\"twitter:site\" content=\"@fastlanegermany\" \/>\n<meta name=\"twitter:label1\" content=\"Verfasst von\" \/>\n\t<meta name=\"twitter:data1\" content=\"Rinon Belegu\" \/>\n\t<meta name=\"twitter:label2\" content=\"Gesch\u00e4tzte Lesezeit\" \/>\n\t<meta name=\"twitter:data2\" content=\"3\u00a0Minuten\" \/>\n<script type=\"application\/ld+json\" class=\"yoast-schema-graph\">{\"@context\":\"https:\/\/schema.org\",\"@graph\":[{\"@type\":\"Article\",\"@id\":\"https:\/\/www.flane.ch\/blog\/2020\/12\/02\/aws-reinvent-2020\/#article\",\"isPartOf\":{\"@id\":\"https:\/\/www.flane.ch\/blog\/2020\/12\/02\/aws-reinvent-2020\/\"},\"author\":{\"name\":\"Rinon Belegu\",\"@id\":\"http:\/\/www.flane.ch\/blog\/#\/schema\/person\/3735dba29c9d100c2b3168c60c7d45bd\"},\"headline\":\"AWS re:Invent 2020 \u2013 Erste News \u2013 EC2 auf Mac Basis\",\"datePublished\":\"2020-12-02T14:54:31+00:00\",\"dateModified\":\"2020-12-02T15:32:08+00:00\",\"mainEntityOfPage\":{\"@id\":\"https:\/\/www.flane.ch\/blog\/2020\/12\/02\/aws-reinvent-2020\/\"},\"wordCount\":681,\"commentCount\":0,\"publisher\":{\"@id\":\"http:\/\/www.flane.ch\/blog\/#organization\"},\"image\":{\"@id\":\"https:\/\/www.flane.ch\/blog\/2020\/12\/02\/aws-reinvent-2020\/#primaryimage\"},\"thumbnailUrl\":\"https:\/\/www.flane.ch\/blog\/wp-content\/uploads\/2020\/12\/reinventnews-1024x576.png\",\"keywords\":[\"Amazon\",\"Amazon Web Services\",\"Apple\",\"AWS\",\"Cloud\",\"Mac\",\"MacOS\",\"Reinvent\"],\"articleSection\":{\"1\":\"Cloud\"},\"inLanguage\":\"de\",\"potentialAction\":[{\"@type\":\"CommentAction\",\"name\":\"Comment\",\"target\":[\"https:\/\/www.flane.ch\/blog\/2020\/12\/02\/aws-reinvent-2020\/#respond\"]}]},{\"@type\":\"WebPage\",\"@id\":\"https:\/\/www.flane.ch\/blog\/2020\/12\/02\/aws-reinvent-2020\/\",\"url\":\"https:\/\/www.flane.ch\/blog\/2020\/12\/02\/aws-reinvent-2020\/\",\"name\":\"AWS re:Invent 2020 \u2013 Erste News \u2013 EC2 auf Mac Basis &#8211; Get AHead \u2013 The Swiss Fast Lane Blog\",\"isPartOf\":{\"@id\":\"http:\/\/www.flane.ch\/blog\/#website\"},\"primaryImageOfPage\":{\"@id\":\"https:\/\/www.flane.ch\/blog\/2020\/12\/02\/aws-reinvent-2020\/#primaryimage\"},\"image\":{\"@id\":\"https:\/\/www.flane.ch\/blog\/2020\/12\/02\/aws-reinvent-2020\/#primaryimage\"},\"thumbnailUrl\":\"https:\/\/www.flane.ch\/blog\/wp-content\/uploads\/2020\/12\/reinventnews-1024x576.png\",\"datePublished\":\"2020-12-02T14:54:31+00:00\",\"dateModified\":\"2020-12-02T15:32:08+00:00\",\"breadcrumb\":{\"@id\":\"https:\/\/www.flane.ch\/blog\/2020\/12\/02\/aws-reinvent-2020\/#breadcrumb\"},\"inLanguage\":\"de\",\"potentialAction\":[{\"@type\":\"ReadAction\",\"target\":[\"https:\/\/www.flane.ch\/blog\/2020\/12\/02\/aws-reinvent-2020\/\"]}]},{\"@type\":\"ImageObject\",\"inLanguage\":\"de\",\"@id\":\"https:\/\/www.flane.ch\/blog\/2020\/12\/02\/aws-reinvent-2020\/#primaryimage\",\"url\":\"https:\/\/www.flane.ch\/blog\/wp-content\/uploads\/2020\/12\/reinventnews-1024x576.png\",\"contentUrl\":\"https:\/\/www.flane.ch\/blog\/wp-content\/uploads\/2020\/12\/reinventnews-1024x576.png\"},{\"@type\":\"BreadcrumbList\",\"@id\":\"https:\/\/www.flane.ch\/blog\/2020\/12\/02\/aws-reinvent-2020\/#breadcrumb\",\"itemListElement\":[{\"@type\":\"ListItem\",\"position\":1,\"name\":\"Startseite\",\"item\":\"https:\/\/www.flane.ch\/blog\/\"},{\"@type\":\"ListItem\",\"position\":2,\"name\":\"AWS re:Invent 2020 \u2013 Erste News \u2013 EC2 auf Mac Basis\"}]},{\"@type\":\"WebSite\",\"@id\":\"http:\/\/www.flane.ch\/blog\/#website\",\"url\":\"http:\/\/www.flane.ch\/blog\/\",\"name\":\"Fast Lane Blog\",\"description\":\"\",\"publisher\":{\"@id\":\"http:\/\/www.flane.ch\/blog\/#organization\"},\"potentialAction\":[{\"@type\":\"SearchAction\",\"target\":{\"@type\":\"EntryPoint\",\"urlTemplate\":\"http:\/\/www.flane.ch\/blog\/?s={search_term_string}\"},\"query-input\":{\"@type\":\"PropertyValueSpecification\",\"valueRequired\":true,\"valueName\":\"search_term_string\"}}],\"inLanguage\":\"de\"},{\"@type\":\"Organization\",\"@id\":\"http:\/\/www.flane.ch\/blog\/#organization\",\"name\":\"Fast Lane Institute for Knowledge Transfer GmbH\",\"url\":\"http:\/\/www.flane.ch\/blog\/\",\"logo\":{\"@type\":\"ImageObject\",\"inLanguage\":\"de\",\"@id\":\"http:\/\/www.flane.ch\/blog\/#\/schema\/logo\/image\/\",\"url\":\"\",\"contentUrl\":\"\",\"caption\":\"Fast Lane Institute for Knowledge Transfer GmbH\"},\"image\":{\"@id\":\"http:\/\/www.flane.ch\/blog\/#\/schema\/logo\/image\/\"},\"sameAs\":[\"http:\/\/www.facebook.com\/pages\/Fast-Lane-Deutschland\/111731048886409\",\"https:\/\/x.com\/fastlanegermany\",\"https:\/\/www.linkedin.com\/company\/fast-lane-deutschland\",\"http:\/\/www.youtube.com\/user\/FastLaneGmbH\"]},{\"@type\":\"Person\",\"@id\":\"http:\/\/www.flane.ch\/blog\/#\/schema\/person\/3735dba29c9d100c2b3168c60c7d45bd\",\"name\":\"Rinon Belegu\",\"image\":{\"@type\":\"ImageObject\",\"inLanguage\":\"de\",\"@id\":\"http:\/\/www.flane.ch\/blog\/#\/schema\/person\/image\/\",\"url\":\"https:\/\/secure.gravatar.com\/avatar\/2490d95c86514f8f0c793e90aebf97a182474812dd1dfb79e71140a4c88d6744?s=96&d=mm&r=g\",\"contentUrl\":\"https:\/\/secure.gravatar.com\/avatar\/2490d95c86514f8f0c793e90aebf97a182474812dd1dfb79e71140a4c88d6744?s=96&d=mm&r=g\",\"caption\":\"Rinon Belegu\"},\"sameAs\":[\"http:\/\/flane.ch\"],\"url\":\"https:\/\/www.flane.ch\/blog\/author\/rbelegu\/\"}]}<\/script>\n<!-- \/ Yoast SEO plugin. -->","yoast_head_json":{"title":"AWS re:Invent 2020 \u2013 Erste News \u2013 EC2 auf Mac Basis &#8211; Get AHead \u2013 The Swiss Fast Lane Blog","robots":{"index":"index","follow":"follow","max-snippet":"max-snippet:-1","max-image-preview":"max-image-preview:large","max-video-preview":"max-video-preview:-1"},"canonical":"https:\/\/www.flane.ch\/blog\/2020\/12\/02\/aws-reinvent-2020\/","twitter_card":"summary_large_image","twitter_title":"AWS re:Invent 2020 \u2013 Erste News \u2013 EC2 auf Mac Basis &#8211; Get AHead \u2013 The Swiss Fast Lane Blog","twitter_description":"Die re:Invent findet dieses Jahr \u00abnur\u00bb virtuell statt. Anstatt w\u00e4hrend einer Woche, erfolgt sie verteilt \u00fcber drei Wochen. Ein Vorteil; das Event ist somit f\u00fcr alle komplett kostenlos geniessbar! Der Startschuss fiel gestern und wir werden dieses Jahr bis am 30.12.2020 Session geniessen k\u00f6nnen. Am 12.01 \u2013 14.01.2021 geht es sogar noch weiter. Wir werden [&hellip;]","twitter_image":"https:\/\/www.flane.ch\/blog\/wp-content\/uploads\/2020\/12\/reinventnews-1024x576.png","twitter_creator":"@fastlanegermany","twitter_site":"@fastlanegermany","twitter_misc":{"Verfasst von":"Rinon Belegu","Gesch\u00e4tzte Lesezeit":"3\u00a0Minuten"},"schema":{"@context":"https:\/\/schema.org","@graph":[{"@type":"Article","@id":"https:\/\/www.flane.ch\/blog\/2020\/12\/02\/aws-reinvent-2020\/#article","isPartOf":{"@id":"https:\/\/www.flane.ch\/blog\/2020\/12\/02\/aws-reinvent-2020\/"},"author":{"name":"Rinon Belegu","@id":"http:\/\/www.flane.ch\/blog\/#\/schema\/person\/3735dba29c9d100c2b3168c60c7d45bd"},"headline":"AWS re:Invent 2020 \u2013 Erste News \u2013 EC2 auf Mac Basis","datePublished":"2020-12-02T14:54:31+00:00","dateModified":"2020-12-02T15:32:08+00:00","mainEntityOfPage":{"@id":"https:\/\/www.flane.ch\/blog\/2020\/12\/02\/aws-reinvent-2020\/"},"wordCount":681,"commentCount":0,"publisher":{"@id":"http:\/\/www.flane.ch\/blog\/#organization"},"image":{"@id":"https:\/\/www.flane.ch\/blog\/2020\/12\/02\/aws-reinvent-2020\/#primaryimage"},"thumbnailUrl":"https:\/\/www.flane.ch\/blog\/wp-content\/uploads\/2020\/12\/reinventnews-1024x576.png","keywords":["Amazon","Amazon Web Services","Apple","AWS","Cloud","Mac","MacOS","Reinvent"],"articleSection":{"1":"Cloud"},"inLanguage":"de","potentialAction":[{"@type":"CommentAction","name":"Comment","target":["https:\/\/www.flane.ch\/blog\/2020\/12\/02\/aws-reinvent-2020\/#respond"]}]},{"@type":"WebPage","@id":"https:\/\/www.flane.ch\/blog\/2020\/12\/02\/aws-reinvent-2020\/","url":"https:\/\/www.flane.ch\/blog\/2020\/12\/02\/aws-reinvent-2020\/","name":"AWS re:Invent 2020 \u2013 Erste News \u2013 EC2 auf Mac Basis &#8211; Get AHead \u2013 The Swiss Fast Lane Blog","isPartOf":{"@id":"http:\/\/www.flane.ch\/blog\/#website"},"primaryImageOfPage":{"@id":"https:\/\/www.flane.ch\/blog\/2020\/12\/02\/aws-reinvent-2020\/#primaryimage"},"image":{"@id":"https:\/\/www.flane.ch\/blog\/2020\/12\/02\/aws-reinvent-2020\/#primaryimage"},"thumbnailUrl":"https:\/\/www.flane.ch\/blog\/wp-content\/uploads\/2020\/12\/reinventnews-1024x576.png","datePublished":"2020-12-02T14:54:31+00:00","dateModified":"2020-12-02T15:32:08+00:00","breadcrumb":{"@id":"https:\/\/www.flane.ch\/blog\/2020\/12\/02\/aws-reinvent-2020\/#breadcrumb"},"inLanguage":"de","potentialAction":[{"@type":"ReadAction","target":["https:\/\/www.flane.ch\/blog\/2020\/12\/02\/aws-reinvent-2020\/"]}]},{"@type":"ImageObject","inLanguage":"de","@id":"https:\/\/www.flane.ch\/blog\/2020\/12\/02\/aws-reinvent-2020\/#primaryimage","url":"https:\/\/www.flane.ch\/blog\/wp-content\/uploads\/2020\/12\/reinventnews-1024x576.png","contentUrl":"https:\/\/www.flane.ch\/blog\/wp-content\/uploads\/2020\/12\/reinventnews-1024x576.png"},{"@type":"BreadcrumbList","@id":"https:\/\/www.flane.ch\/blog\/2020\/12\/02\/aws-reinvent-2020\/#breadcrumb","itemListElement":[{"@type":"ListItem","position":1,"name":"Startseite","item":"https:\/\/www.flane.ch\/blog\/"},{"@type":"ListItem","position":2,"name":"AWS re:Invent 2020 \u2013 Erste News \u2013 EC2 auf Mac Basis"}]},{"@type":"WebSite","@id":"http:\/\/www.flane.ch\/blog\/#website","url":"http:\/\/www.flane.ch\/blog\/","name":"Fast Lane Blog","description":"","publisher":{"@id":"http:\/\/www.flane.ch\/blog\/#organization"},"potentialAction":[{"@type":"SearchAction","target":{"@type":"EntryPoint","urlTemplate":"http:\/\/www.flane.ch\/blog\/?s={search_term_string}"},"query-input":{"@type":"PropertyValueSpecification","valueRequired":true,"valueName":"search_term_string"}}],"inLanguage":"de"},{"@type":"Organization","@id":"http:\/\/www.flane.ch\/blog\/#organization","name":"Fast Lane Institute for Knowledge Transfer GmbH","url":"http:\/\/www.flane.ch\/blog\/","logo":{"@type":"ImageObject","inLanguage":"de","@id":"http:\/\/www.flane.ch\/blog\/#\/schema\/logo\/image\/","url":"","contentUrl":"","caption":"Fast Lane Institute for Knowledge Transfer GmbH"},"image":{"@id":"http:\/\/www.flane.ch\/blog\/#\/schema\/logo\/image\/"},"sameAs":["http:\/\/www.facebook.com\/pages\/Fast-Lane-Deutschland\/111731048886409","https:\/\/x.com\/fastlanegermany","https:\/\/www.linkedin.com\/company\/fast-lane-deutschland","http:\/\/www.youtube.com\/user\/FastLaneGmbH"]},{"@type":"Person","@id":"http:\/\/www.flane.ch\/blog\/#\/schema\/person\/3735dba29c9d100c2b3168c60c7d45bd","name":"Rinon Belegu","image":{"@type":"ImageObject","inLanguage":"de","@id":"http:\/\/www.flane.ch\/blog\/#\/schema\/person\/image\/","url":"https:\/\/secure.gravatar.com\/avatar\/2490d95c86514f8f0c793e90aebf97a182474812dd1dfb79e71140a4c88d6744?s=96&d=mm&r=g","contentUrl":"https:\/\/secure.gravatar.com\/avatar\/2490d95c86514f8f0c793e90aebf97a182474812dd1dfb79e71140a4c88d6744?s=96&d=mm&r=g","caption":"Rinon Belegu"},"sameAs":["http:\/\/flane.ch"],"url":"https:\/\/www.flane.ch\/blog\/author\/rbelegu\/"}]}},"_links":{"self":[{"href":"https:\/\/www.flane.ch\/blog\/wp-json\/wp\/v2\/posts\/656","targetHints":{"allow":["GET"]}}],"collection":[{"href":"https:\/\/www.flane.ch\/blog\/wp-json\/wp\/v2\/posts"}],"about":[{"href":"https:\/\/www.flane.ch\/blog\/wp-json\/wp\/v2\/types\/post"}],"author":[{"embeddable":true,"href":"https:\/\/www.flane.ch\/blog\/wp-json\/wp\/v2\/users\/5"}],"replies":[{"embeddable":true,"href":"https:\/\/www.flane.ch\/blog\/wp-json\/wp\/v2\/comments?post=656"}],"version-history":[{"count":3,"href":"https:\/\/www.flane.ch\/blog\/wp-json\/wp\/v2\/posts\/656\/revisions"}],"predecessor-version":[{"id":687,"href":"https:\/\/www.flane.ch\/blog\/wp-json\/wp\/v2\/posts\/656\/revisions\/687"}],"wp:attachment":[{"href":"https:\/\/www.flane.ch\/blog\/wp-json\/wp\/v2\/media?parent=656"}],"wp:term":[{"taxonomy":"category","embeddable":true,"href":"https:\/\/www.flane.ch\/blog\/wp-json\/wp\/v2\/categories?post=656"},{"taxonomy":"post_tag","embeddable":true,"href":"https:\/\/www.flane.ch\/blog\/wp-json\/wp\/v2\/tags?post=656"}],"curies":[{"name":"wp","href":"https:\/\/api.w.org\/{rel}","templated":true}]}}