{"id":230,"date":"2019-10-08T10:43:37","date_gmt":"2019-10-08T08:43:37","guid":{"rendered":"http:\/\/www.flane.ch\/blog\/?p=230"},"modified":"2019-10-08T11:30:24","modified_gmt":"2019-10-08T09:30:24","slug":"it-projektmanagement-schema-f-ist-out","status":"publish","type":"post","link":"https:\/\/www.flane.ch\/blog\/2019\/10\/08\/it-projektmanagement-schema-f-ist-out\/","title":{"rendered":"IT-Projektmanagement \u2013 Schema F ist out!"},"content":{"rendered":"\n<p>Zum Ende des vergangenen Jahrhunderts hatte die IT das prim\u00e4re Ziel, das Gesch\u00e4ftsmodell eines Unternehmens zu unterst\u00fctzen und mithilfe von Automatisierung effizienter zu machen. Unter anderem wurden ERP-Systeme aufgebaut, datenbankgest\u00fctzte Webanwendungen implementiert und Data-Warehouse-Projekte ins Leben gerufen. Genau in dieser Zeit wurde auch das Thema Projektmanagement in der IT immer popul\u00e4rer. Denn schlie\u00dflich handelte es sich bei diesen Vorhaben nicht selten um Projekte mit einem enormen finanziellen Aufwand und einer Laufzeit von Monaten oder gar Jahren. Und diese Projekte konnte man ja nicht einfach laufen lassen, nein, sie mussten gemanagt werden. Da man zu dieser Zeit davon ausging, dass Anforderungen und Prozesse \u00fcber Jahre hinweg stabil sein w\u00fcrden, orientierte man sich an den traditionellen Methoden des Projektmanagements. Nach dem Vorbild der gro\u00dfen Verb\u00e4nde, wie PMI, IPMA oder Prince2 wurden Projekte nach dem Muster Initiierung, Planung, Durchf\u00fchrung, Controlling und Abschluss umgesetzt. In den folgenden Jahren kam es zu einer immer st\u00e4rkeren Professionalisierung im Bereich des IT-Projektmanagements: Ausbildungspfade, Zertifikate, Unternehmensstandards, Reifegradmodelle und immer m\u00e4chtigere PM-Tools waren die logische Konsequenz.<\/p>\n\n\n\n<p>Doch dann rollte auf einmal die \u201eagile Welle\u201c auf die IT zu. Nahezu jedes Software-Entwicklungsprojekt, das etwas auf sich hielt, bzw. jede Organisation, die hip sein wollte, musste ab sofort agil und am besten mit der Wunderwaffe Scrum arbeiten. Die Folge hiervon war, dass sich ein Graben auftat und zwar zwischen den Bef\u00fcrwortern des \u201eklassischen Projektmanagement\u201c und den \u201eAgilisten\u201c. Grauzonen waren verp\u00f6nt, es gab nur noch schwarz oder wei\u00df. In den letzten Jahren hat sich dieser Graben wieder etwas geschlossen, und hybride Projektmanagementans\u00e4tze finden immer mehr Einzug.<\/p>\n\n\n\n<figure class=\"wp-block-image is-resized\"><img loading=\"lazy\" decoding=\"async\" src=\"https:\/\/www.flane.ch\/blog\/wp-content\/uploads\/2019\/10\/PMB1-1024x682.jpg\" alt=\"Tauben auf der Wiese\" class=\"wp-image-231\" width=\"512\" height=\"341\" srcset=\"https:\/\/www.flane.ch\/blog\/wp-content\/uploads\/2019\/10\/PMB1-1024x682.jpg 1024w, https:\/\/www.flane.ch\/blog\/wp-content\/uploads\/2019\/10\/PMB1-900x600.jpg 900w, https:\/\/www.flane.ch\/blog\/wp-content\/uploads\/2019\/10\/PMB1-768x512.jpg 768w, https:\/\/www.flane.ch\/blog\/wp-content\/uploads\/2019\/10\/PMB1-640x427.jpg 640w, https:\/\/www.flane.ch\/blog\/wp-content\/uploads\/2019\/10\/PMB1.jpg 1385w\" sizes=\"auto, (max-width: 512px) 100vw, 512px\" \/><\/figure>\n\n\n\n<p>So viel zur Historie. Aber doch es gibt eine Konstante \u00fcber die ganzen Jahre, die Sie vielleicht \u00fcberraschen wird. N\u00e4mlich die Erfolgsquote von Projekten. So liegt die Anzahl der erfolgreichen Projekte unver\u00e4ndert zwischen 30 und 40 Prozent, weitgehend unabh\u00e4ngig von der Methodik. Zwar schneiden Projekte mit agilen Vorgehensweisen marginal besser ab, aber dennoch bewegen sie sich in dem zuvor genannten Korridor.<\/p>\n\n\n\n<p>Was also tun? Ich m\u00f6chte Ihnen nachfolgend ein paar Aspekte und Denkanst\u00f6\u00dfe mitgeben, die ich auch in meinem Kurs <a href=\"https:\/\/www.flane.ch\/course\/fl-pm2020\">\u201eProjektmanagement 2020\u201c<\/a> intensiv mit meinen Kursteilnehmern behandle.<\/p>\n\n\n\n<h4 class=\"wp-block-heading\">Kommunikation ist das A und O<\/h4>\n\n\n\n<p>Dass mangelnde Kommunikation der Hauptgrund f\u00fcr das Scheitern von Projekten ist, d\u00fcrfte Sie nicht \u00fcberraschen. Denn immer, wenn unterschiedliche Menschen mit unterschiedlichen Interessen, Werten und Erfahrungen aufeinandertreffen, wird es schwierig. Ein Faktor ist beispielsweise das Alter. W\u00e4hrend \u00e4ltere Mitarbeiter vielleicht eine hierarchische Top-Down-Kommunikation jahrelang gew\u00f6hnt sind und als normal erachten, strebt die j\u00fcngere Generation nach Teilhabe, Entscheidungsbefugnis und einem kollektiven Miteinander. Und genau damit muss ein Projektmanager in der heutigen Zeit umgehen k\u00f6nnen. Kreativit\u00e4t, kontinuierliches Lernen, Vernetzen und Empathie seien hier nur exemplarisch als Skills genannt. Es geht also in Zukunft weniger darum, den perfekten Plan zu erstellen und diesen zu befolgen, sondern im Team zu kollaborieren und Themen wie Selbstorganisation und Teamwork zu f\u00f6rdern. Mit starren Strukturen und festen Regeln werden die Projektleiter der Zukunft in der VUCA-Welt nur bedingt erfolgreich sein. Sie m\u00fcssen lernen, ihre Projekte \u00fcber \u201esofte\u201c Themen, wie Prinzipien, Vorbildfunktion, Haltung und Empathie zu lenken.<\/p>\n\n\n\n<figure class=\"wp-block-image is-resized\"><img loading=\"lazy\" decoding=\"async\" src=\"https:\/\/www.flane.ch\/blog\/wp-content\/uploads\/2019\/10\/PMB2-1024x537.jpg\" alt=\"Menschen auf der Bank vor Fotowand\" class=\"wp-image-232\" width=\"512\" height=\"269\" srcset=\"https:\/\/www.flane.ch\/blog\/wp-content\/uploads\/2019\/10\/PMB2-1024x537.jpg 1024w, https:\/\/www.flane.ch\/blog\/wp-content\/uploads\/2019\/10\/PMB2-900x472.jpg 900w, https:\/\/www.flane.ch\/blog\/wp-content\/uploads\/2019\/10\/PMB2-768x403.jpg 768w, https:\/\/www.flane.ch\/blog\/wp-content\/uploads\/2019\/10\/PMB2-640x335.jpg 640w, https:\/\/www.flane.ch\/blog\/wp-content\/uploads\/2019\/10\/PMB2.jpg 1385w\" sizes=\"auto, (max-width: 512px) 100vw, 512px\" \/><\/figure>\n\n\n\n<h4 class=\"wp-block-heading\">Komplexit\u00e4t verstehen und aushalten<\/h4>\n\n\n\n<p>Kennen Sie den Satz: \u201eWir m\u00fcssen die Komplexit\u00e4t reduzieren?\u201c Die schlechte Nachricht lautet: Es wird Ihnen nicht gelingen. Es geht also darum, genau die Komplexit\u00e4t anzunehmen, und zu lernen, mit ihr umzugehen. Und genau das wird nicht funktionieren, wenn Sie ihr Projekt nach einem streng methodischen Prozess durchf\u00fchren. Nein, Komplexit\u00e4t k\u00f6nnen Sie nur begegnen, indem Sie regelm\u00e4\u00dfig reflektieren, ausprobieren, lernen, experimentieren und offen f\u00fcr Ver\u00e4nderungen sind. Glaubt man Hinz und Bartlog in ihrem aktuellen Buch <a href=\"http:\/\/pm2025.de\/\">\u201e#PM2025 \u2013 Projekte.Gut.Machen.\u201c<\/a>, so finden Projekte immer auf mehreren Ebenen statt. Den drei inneren Ebenen, also die des Projektleiters selbst, die des Teams und die der umgebenden Organisation, sowie \u00e4u\u00dfere Umweltfaktoren und die gesellschaftliche Ebene. Denken Sie hier nur an Stichworte wie Globalisierung, Digitalisierung oder Internationalisierung. Ich hoffe, Sie haben keine Angst bekommen und denken jetzt: \u201eWie soll ich das nur alles unter einen Hut bekommen?\u201c Wichtig ist zun\u00e4chst einmal, dass Sie diese ge\u00e4nderten Rahmenbedingungen akzeptierten und sich bewusst sind, dass Sie diesen Herausforderungen nicht mit statischen, kausalen L\u00f6sungsans\u00e4tzen begegnen sollten. <\/p>\n\n\n\n<h4 class=\"wp-block-heading\">Speed \u2013 vom Tanker zum Motorboot<\/h4>\n\n\n\n<p> Ein weiterer entscheidender Faktor in der heutigen Zeit ist das Thema Geschwindigkeit. K\u00f6nnen Sie es sich noch erlauben, ein Projekt im September einzureichen, die Budgetrunden Ende des Jahres abzuwarten und dann im Februar das Go zu bekommen, um ein halbes Jahr sp\u00e4ter mit Ihrem Projekt zu starten? Ich glaube Sie wissen, wie die Antwort lautet. Wir m\u00fcssen also flexiblere und schnellere Entscheidungswege im Projektmanagement erarbeiten \u2013 weg vom langsamen Tanker, hin zum schnellen und wendigen Motorboot.<\/p>\n\n\n\n<figure class=\"wp-block-image is-resized\"><img loading=\"lazy\" decoding=\"async\" src=\"https:\/\/www.flane.ch\/blog\/wp-content\/uploads\/2019\/10\/PMB3-1024x579.jpg\" alt=\"\" class=\"wp-image-233\" width=\"512\" height=\"290\" srcset=\"https:\/\/www.flane.ch\/blog\/wp-content\/uploads\/2019\/10\/PMB3-1024x579.jpg 1024w, https:\/\/www.flane.ch\/blog\/wp-content\/uploads\/2019\/10\/PMB3-900x509.jpg 900w, https:\/\/www.flane.ch\/blog\/wp-content\/uploads\/2019\/10\/PMB3-768x434.jpg 768w, https:\/\/www.flane.ch\/blog\/wp-content\/uploads\/2019\/10\/PMB3-640x362.jpg 640w, https:\/\/www.flane.ch\/blog\/wp-content\/uploads\/2019\/10\/PMB3.jpg 1385w\" sizes=\"auto, (max-width: 512px) 100vw, 512px\" \/><\/figure>\n\n\n\n<p>Der Druck, schnell neue Ideen und Produkte auf den Markt zu bringen, ist immens. Genau dies ist ein riesiger Vorteil von agilen Methoden gegen\u00fcber traditionellen Wasserfall-Ans\u00e4tzen. Scrum-Teams liefern in der Regel in einem Rhythmus von wenigen Wochen Produktinkremente. Dies hat den gro\u00dfen Vorteil, dass agile Teams schnell Feedback von Ihren Kunden und Stakeholdern erhalten und somit ihre Lieferungen und Vorgehensweisen zeitnah \u00fcberpr\u00fcfen k\u00f6nnen. Ferner f\u00f6rdert dieses empirische Vorgehen das Lernen im Team und erleichtert den Umgang mit Komplexit\u00e4t und Unsicherheit.<\/p>\n\n\n\n<h4 class=\"wp-block-heading\">Innen agil \u2013 au\u00dfen stabil<\/h4>\n\n\n\n<p> F\u00fcr Umfeld- und Stakeholderanalysen, eine ausf\u00fchrliche Auftragskl\u00e4rung und eine strukturierte Projektinitiierung bietet das traditionelle Projektmanagement eine Vielzahl an wirksamen Werkzeugen. Nutzen Sie genau diese Tools, um Ihrem Projekt einen stabilen Rahmen zu geben. Agile Vorgehensweisen wie Kanban und Scrum erlauben dann die iterative und reflexive Umsetzung des Projektes. Es geht also beim zeitgem\u00e4\u00dfen Projektmanagement darum, Methoden und Vorgehensweisen sinnvoll zu kombinieren. Auch eine Ver\u00e4nderung der Methodik w\u00e4hrend des Projektes kann durchaus zielf\u00fchrend sein. Wichtig ist, dass Sie flexibel bleiben, dass Sie den Kontext des Projektes im Blick haben und die n\u00f6tige Offenheit mitbringen. <\/p>\n\n\n\n<p>Ich hoffe, ich konnte Sie ein wenig zum Nachdenken inspirieren und w\u00fcrde mich freuen, Sie demn\u00e4chst in einem meiner Kurse bei Fast Lane begr\u00fc\u00dfen zu d\u00fcrfen. <a href=\"https:\/\/www.flane.ch\/business-skills\">https:\/\/www.flane.ch\/business-skills<\/a> <\/p>\n\n\n\n<h4 class=\"wp-block-heading\">Zum Autoren:<\/h4>\n\n\n\n<p>Christian Botta war mehr als 15 Jahre als Fu\u0308hrungskraft in der IT t\u00e4tig. Im Jahre 2015 war er einer der beiden Gru\u0308nder der Firma Visual Braindump, mit dem Ziel, die Themen Visualisierung und Management n\u00e4her zusammenzubringen. Heute verknu\u0308pft er seine Leidenschaften: Visualisierung, kreatives Arbeiten und Managementberatung. Er ist Co-Autor des Buches \u201eBusiness Visualisierung\u201c und arbeitet daru\u0308ber hinaus als Trainer, Speaker und Berater fu\u0308r die Themen Innovation, visuelles Denken, Fu\u0308hrung und Projektmanagement. Ferner begleitet er Veranstaltungen visuell in Form von Graphic Recordings. Er schreibt regelm\u00e4\u00dfig fu\u0308r das Projektmagazin, fu\u0308r Capterra und den Visual Braindump Blog.<\/p>\n","protected":false},"excerpt":{"rendered":"<p>Zum Ende des vergangenen Jahrhunderts hatte die IT das prim\u00e4re Ziel, das Gesch\u00e4ftsmodell eines Unternehmens zu unterst\u00fctzen und mithilfe von Automatisierung effizienter zu machen. Unter anderem wurden ERP-Systeme aufgebaut, datenbankgest\u00fctzte Webanwendungen implementiert und Data-Warehouse-Projekte ins Leben gerufen. Genau in dieser Zeit wurde auch das Thema Projektmanagement in der IT immer popul\u00e4rer. Denn schlie\u00dflich handelte es [&hellip;]<\/p>\n","protected":false},"author":17,"featured_media":236,"comment_status":"open","ping_status":"open","sticky":false,"template":"","format":"standard","meta":{"footnotes":""},"categories":[25],"tags":[27,29,28],"class_list":["post-230","post","type-post","status-publish","format-standard","has-post-thumbnail","hentry","category-projectmanagement","tag-agiles-projektmanagement","tag-hybrides-projektmanagement","tag-scrum"],"yoast_head":"<!-- This site is optimized with the Yoast SEO plugin v26.6 - https:\/\/yoast.com\/wordpress\/plugins\/seo\/ -->\n<title>IT-Projektmanagement \u2013 Schema F ist out! &#8211; Get AHead \u2013 The Swiss Fast Lane Blog<\/title>\n<meta name=\"robots\" content=\"index, follow, max-snippet:-1, max-image-preview:large, max-video-preview:-1\" \/>\n<link rel=\"canonical\" href=\"https:\/\/www.flane.ch\/blog\/2019\/10\/08\/it-projektmanagement-schema-f-ist-out\/\" \/>\n<meta name=\"twitter:card\" content=\"summary_large_image\" \/>\n<meta name=\"twitter:title\" content=\"IT-Projektmanagement \u2013 Schema F ist out! &#8211; Get AHead \u2013 The Swiss Fast Lane Blog\" \/>\n<meta name=\"twitter:description\" content=\"Zum Ende des vergangenen Jahrhunderts hatte die IT das prim\u00e4re Ziel, das Gesch\u00e4ftsmodell eines Unternehmens zu unterst\u00fctzen und mithilfe von Automatisierung effizienter zu machen. Unter anderem wurden ERP-Systeme aufgebaut, datenbankgest\u00fctzte Webanwendungen implementiert und Data-Warehouse-Projekte ins Leben gerufen. Genau in dieser Zeit wurde auch das Thema Projektmanagement in der IT immer popul\u00e4rer. Denn schlie\u00dflich handelte es [&hellip;]\" \/>\n<meta name=\"twitter:image\" content=\"https:\/\/www.flane.ch\/blog\/wp-content\/uploads\/2019\/10\/Projektmanagement.jpg\" \/>\n<meta name=\"twitter:creator\" content=\"@fastlanegermany\" \/>\n<meta name=\"twitter:site\" content=\"@fastlanegermany\" \/>\n<meta name=\"twitter:label1\" content=\"Verfasst von\" \/>\n\t<meta name=\"twitter:data1\" content=\"Raymond Corten\" \/>\n\t<meta name=\"twitter:label2\" content=\"Gesch\u00e4tzte Lesezeit\" \/>\n\t<meta name=\"twitter:data2\" content=\"6\u00a0Minuten\" \/>\n<script type=\"application\/ld+json\" class=\"yoast-schema-graph\">{\"@context\":\"https:\/\/schema.org\",\"@graph\":[{\"@type\":\"Article\",\"@id\":\"https:\/\/www.flane.ch\/blog\/2019\/10\/08\/it-projektmanagement-schema-f-ist-out\/#article\",\"isPartOf\":{\"@id\":\"https:\/\/www.flane.ch\/blog\/2019\/10\/08\/it-projektmanagement-schema-f-ist-out\/\"},\"author\":{\"name\":\"Raymond Corten\",\"@id\":\"http:\/\/www.flane.ch\/blog\/#\/schema\/person\/e14c2edae437b2575de27040e4530c43\"},\"headline\":\"IT-Projektmanagement \u2013 Schema F ist out!\",\"datePublished\":\"2019-10-08T08:43:37+00:00\",\"dateModified\":\"2019-10-08T09:30:24+00:00\",\"mainEntityOfPage\":{\"@id\":\"https:\/\/www.flane.ch\/blog\/2019\/10\/08\/it-projektmanagement-schema-f-ist-out\/\"},\"wordCount\":1129,\"commentCount\":1,\"publisher\":{\"@id\":\"http:\/\/www.flane.ch\/blog\/#organization\"},\"image\":{\"@id\":\"https:\/\/www.flane.ch\/blog\/2019\/10\/08\/it-projektmanagement-schema-f-ist-out\/#primaryimage\"},\"thumbnailUrl\":\"https:\/\/www.flane.ch\/blog\/wp-content\/uploads\/2019\/10\/Projektmanagement.jpg\",\"keywords\":[\"Agiles Projektmanagement\",\"Hybrides Projektmanagement\",\"Scrum\"],\"articleSection\":[\"Project Management\"],\"inLanguage\":\"de\",\"potentialAction\":[{\"@type\":\"CommentAction\",\"name\":\"Comment\",\"target\":[\"https:\/\/www.flane.ch\/blog\/2019\/10\/08\/it-projektmanagement-schema-f-ist-out\/#respond\"]}]},{\"@type\":\"WebPage\",\"@id\":\"https:\/\/www.flane.ch\/blog\/2019\/10\/08\/it-projektmanagement-schema-f-ist-out\/\",\"url\":\"https:\/\/www.flane.ch\/blog\/2019\/10\/08\/it-projektmanagement-schema-f-ist-out\/\",\"name\":\"IT-Projektmanagement \u2013 Schema F ist out! &#8211; Get AHead \u2013 The Swiss Fast Lane Blog\",\"isPartOf\":{\"@id\":\"http:\/\/www.flane.ch\/blog\/#website\"},\"primaryImageOfPage\":{\"@id\":\"https:\/\/www.flane.ch\/blog\/2019\/10\/08\/it-projektmanagement-schema-f-ist-out\/#primaryimage\"},\"image\":{\"@id\":\"https:\/\/www.flane.ch\/blog\/2019\/10\/08\/it-projektmanagement-schema-f-ist-out\/#primaryimage\"},\"thumbnailUrl\":\"https:\/\/www.flane.ch\/blog\/wp-content\/uploads\/2019\/10\/Projektmanagement.jpg\",\"datePublished\":\"2019-10-08T08:43:37+00:00\",\"dateModified\":\"2019-10-08T09:30:24+00:00\",\"breadcrumb\":{\"@id\":\"https:\/\/www.flane.ch\/blog\/2019\/10\/08\/it-projektmanagement-schema-f-ist-out\/#breadcrumb\"},\"inLanguage\":\"de\",\"potentialAction\":[{\"@type\":\"ReadAction\",\"target\":[\"https:\/\/www.flane.ch\/blog\/2019\/10\/08\/it-projektmanagement-schema-f-ist-out\/\"]}]},{\"@type\":\"ImageObject\",\"inLanguage\":\"de\",\"@id\":\"https:\/\/www.flane.ch\/blog\/2019\/10\/08\/it-projektmanagement-schema-f-ist-out\/#primaryimage\",\"url\":\"https:\/\/www.flane.ch\/blog\/wp-content\/uploads\/2019\/10\/Projektmanagement.jpg\",\"contentUrl\":\"https:\/\/www.flane.ch\/blog\/wp-content\/uploads\/2019\/10\/Projektmanagement.jpg\",\"width\":1350,\"height\":901,\"caption\":\"notebooks und Grafiken\"},{\"@type\":\"BreadcrumbList\",\"@id\":\"https:\/\/www.flane.ch\/blog\/2019\/10\/08\/it-projektmanagement-schema-f-ist-out\/#breadcrumb\",\"itemListElement\":[{\"@type\":\"ListItem\",\"position\":1,\"name\":\"Startseite\",\"item\":\"https:\/\/www.flane.ch\/blog\/\"},{\"@type\":\"ListItem\",\"position\":2,\"name\":\"IT-Projektmanagement \u2013 Schema F ist out!\"}]},{\"@type\":\"WebSite\",\"@id\":\"http:\/\/www.flane.ch\/blog\/#website\",\"url\":\"http:\/\/www.flane.ch\/blog\/\",\"name\":\"Fast Lane Blog\",\"description\":\"\",\"publisher\":{\"@id\":\"http:\/\/www.flane.ch\/blog\/#organization\"},\"potentialAction\":[{\"@type\":\"SearchAction\",\"target\":{\"@type\":\"EntryPoint\",\"urlTemplate\":\"http:\/\/www.flane.ch\/blog\/?s={search_term_string}\"},\"query-input\":{\"@type\":\"PropertyValueSpecification\",\"valueRequired\":true,\"valueName\":\"search_term_string\"}}],\"inLanguage\":\"de\"},{\"@type\":\"Organization\",\"@id\":\"http:\/\/www.flane.ch\/blog\/#organization\",\"name\":\"Fast Lane Institute for Knowledge Transfer GmbH\",\"url\":\"http:\/\/www.flane.ch\/blog\/\",\"logo\":{\"@type\":\"ImageObject\",\"inLanguage\":\"de\",\"@id\":\"http:\/\/www.flane.ch\/blog\/#\/schema\/logo\/image\/\",\"url\":\"\",\"contentUrl\":\"\",\"caption\":\"Fast Lane Institute for Knowledge Transfer GmbH\"},\"image\":{\"@id\":\"http:\/\/www.flane.ch\/blog\/#\/schema\/logo\/image\/\"},\"sameAs\":[\"http:\/\/www.facebook.com\/pages\/Fast-Lane-Deutschland\/111731048886409\",\"https:\/\/x.com\/fastlanegermany\",\"https:\/\/www.linkedin.com\/company\/fast-lane-deutschland\",\"http:\/\/www.youtube.com\/user\/FastLaneGmbH\"]},{\"@type\":\"Person\",\"@id\":\"http:\/\/www.flane.ch\/blog\/#\/schema\/person\/e14c2edae437b2575de27040e4530c43\",\"name\":\"Raymond Corten\",\"image\":{\"@type\":\"ImageObject\",\"inLanguage\":\"de\",\"@id\":\"http:\/\/www.flane.ch\/blog\/#\/schema\/person\/image\/\",\"url\":\"https:\/\/secure.gravatar.com\/avatar\/a5b4016818a1e27def494550d73b9a1bcfba0a59f654ca2887fcc34e7efe14cc?s=96&d=mm&r=g\",\"contentUrl\":\"https:\/\/secure.gravatar.com\/avatar\/a5b4016818a1e27def494550d73b9a1bcfba0a59f654ca2887fcc34e7efe14cc?s=96&d=mm&r=g\",\"caption\":\"Raymond Corten\"},\"sameAs\":[\"http:\/\/www.flane.ch\"],\"url\":\"https:\/\/www.flane.ch\/blog\/author\/raymond\/\"}]}<\/script>\n<!-- \/ Yoast SEO plugin. -->","yoast_head_json":{"title":"IT-Projektmanagement \u2013 Schema F ist out! &#8211; Get AHead \u2013 The Swiss Fast Lane Blog","robots":{"index":"index","follow":"follow","max-snippet":"max-snippet:-1","max-image-preview":"max-image-preview:large","max-video-preview":"max-video-preview:-1"},"canonical":"https:\/\/www.flane.ch\/blog\/2019\/10\/08\/it-projektmanagement-schema-f-ist-out\/","twitter_card":"summary_large_image","twitter_title":"IT-Projektmanagement \u2013 Schema F ist out! &#8211; Get AHead \u2013 The Swiss Fast Lane Blog","twitter_description":"Zum Ende des vergangenen Jahrhunderts hatte die IT das prim\u00e4re Ziel, das Gesch\u00e4ftsmodell eines Unternehmens zu unterst\u00fctzen und mithilfe von Automatisierung effizienter zu machen. Unter anderem wurden ERP-Systeme aufgebaut, datenbankgest\u00fctzte Webanwendungen implementiert und Data-Warehouse-Projekte ins Leben gerufen. Genau in dieser Zeit wurde auch das Thema Projektmanagement in der IT immer popul\u00e4rer. Denn schlie\u00dflich handelte es [&hellip;]","twitter_image":"https:\/\/www.flane.ch\/blog\/wp-content\/uploads\/2019\/10\/Projektmanagement.jpg","twitter_creator":"@fastlanegermany","twitter_site":"@fastlanegermany","twitter_misc":{"Verfasst von":"Raymond Corten","Gesch\u00e4tzte Lesezeit":"6\u00a0Minuten"},"schema":{"@context":"https:\/\/schema.org","@graph":[{"@type":"Article","@id":"https:\/\/www.flane.ch\/blog\/2019\/10\/08\/it-projektmanagement-schema-f-ist-out\/#article","isPartOf":{"@id":"https:\/\/www.flane.ch\/blog\/2019\/10\/08\/it-projektmanagement-schema-f-ist-out\/"},"author":{"name":"Raymond Corten","@id":"http:\/\/www.flane.ch\/blog\/#\/schema\/person\/e14c2edae437b2575de27040e4530c43"},"headline":"IT-Projektmanagement \u2013 Schema F ist out!","datePublished":"2019-10-08T08:43:37+00:00","dateModified":"2019-10-08T09:30:24+00:00","mainEntityOfPage":{"@id":"https:\/\/www.flane.ch\/blog\/2019\/10\/08\/it-projektmanagement-schema-f-ist-out\/"},"wordCount":1129,"commentCount":1,"publisher":{"@id":"http:\/\/www.flane.ch\/blog\/#organization"},"image":{"@id":"https:\/\/www.flane.ch\/blog\/2019\/10\/08\/it-projektmanagement-schema-f-ist-out\/#primaryimage"},"thumbnailUrl":"https:\/\/www.flane.ch\/blog\/wp-content\/uploads\/2019\/10\/Projektmanagement.jpg","keywords":["Agiles Projektmanagement","Hybrides Projektmanagement","Scrum"],"articleSection":["Project Management"],"inLanguage":"de","potentialAction":[{"@type":"CommentAction","name":"Comment","target":["https:\/\/www.flane.ch\/blog\/2019\/10\/08\/it-projektmanagement-schema-f-ist-out\/#respond"]}]},{"@type":"WebPage","@id":"https:\/\/www.flane.ch\/blog\/2019\/10\/08\/it-projektmanagement-schema-f-ist-out\/","url":"https:\/\/www.flane.ch\/blog\/2019\/10\/08\/it-projektmanagement-schema-f-ist-out\/","name":"IT-Projektmanagement \u2013 Schema F ist out! &#8211; Get AHead \u2013 The Swiss Fast Lane Blog","isPartOf":{"@id":"http:\/\/www.flane.ch\/blog\/#website"},"primaryImageOfPage":{"@id":"https:\/\/www.flane.ch\/blog\/2019\/10\/08\/it-projektmanagement-schema-f-ist-out\/#primaryimage"},"image":{"@id":"https:\/\/www.flane.ch\/blog\/2019\/10\/08\/it-projektmanagement-schema-f-ist-out\/#primaryimage"},"thumbnailUrl":"https:\/\/www.flane.ch\/blog\/wp-content\/uploads\/2019\/10\/Projektmanagement.jpg","datePublished":"2019-10-08T08:43:37+00:00","dateModified":"2019-10-08T09:30:24+00:00","breadcrumb":{"@id":"https:\/\/www.flane.ch\/blog\/2019\/10\/08\/it-projektmanagement-schema-f-ist-out\/#breadcrumb"},"inLanguage":"de","potentialAction":[{"@type":"ReadAction","target":["https:\/\/www.flane.ch\/blog\/2019\/10\/08\/it-projektmanagement-schema-f-ist-out\/"]}]},{"@type":"ImageObject","inLanguage":"de","@id":"https:\/\/www.flane.ch\/blog\/2019\/10\/08\/it-projektmanagement-schema-f-ist-out\/#primaryimage","url":"https:\/\/www.flane.ch\/blog\/wp-content\/uploads\/2019\/10\/Projektmanagement.jpg","contentUrl":"https:\/\/www.flane.ch\/blog\/wp-content\/uploads\/2019\/10\/Projektmanagement.jpg","width":1350,"height":901,"caption":"notebooks und Grafiken"},{"@type":"BreadcrumbList","@id":"https:\/\/www.flane.ch\/blog\/2019\/10\/08\/it-projektmanagement-schema-f-ist-out\/#breadcrumb","itemListElement":[{"@type":"ListItem","position":1,"name":"Startseite","item":"https:\/\/www.flane.ch\/blog\/"},{"@type":"ListItem","position":2,"name":"IT-Projektmanagement \u2013 Schema F ist out!"}]},{"@type":"WebSite","@id":"http:\/\/www.flane.ch\/blog\/#website","url":"http:\/\/www.flane.ch\/blog\/","name":"Fast Lane Blog","description":"","publisher":{"@id":"http:\/\/www.flane.ch\/blog\/#organization"},"potentialAction":[{"@type":"SearchAction","target":{"@type":"EntryPoint","urlTemplate":"http:\/\/www.flane.ch\/blog\/?s={search_term_string}"},"query-input":{"@type":"PropertyValueSpecification","valueRequired":true,"valueName":"search_term_string"}}],"inLanguage":"de"},{"@type":"Organization","@id":"http:\/\/www.flane.ch\/blog\/#organization","name":"Fast Lane Institute for Knowledge Transfer GmbH","url":"http:\/\/www.flane.ch\/blog\/","logo":{"@type":"ImageObject","inLanguage":"de","@id":"http:\/\/www.flane.ch\/blog\/#\/schema\/logo\/image\/","url":"","contentUrl":"","caption":"Fast Lane Institute for Knowledge Transfer GmbH"},"image":{"@id":"http:\/\/www.flane.ch\/blog\/#\/schema\/logo\/image\/"},"sameAs":["http:\/\/www.facebook.com\/pages\/Fast-Lane-Deutschland\/111731048886409","https:\/\/x.com\/fastlanegermany","https:\/\/www.linkedin.com\/company\/fast-lane-deutschland","http:\/\/www.youtube.com\/user\/FastLaneGmbH"]},{"@type":"Person","@id":"http:\/\/www.flane.ch\/blog\/#\/schema\/person\/e14c2edae437b2575de27040e4530c43","name":"Raymond Corten","image":{"@type":"ImageObject","inLanguage":"de","@id":"http:\/\/www.flane.ch\/blog\/#\/schema\/person\/image\/","url":"https:\/\/secure.gravatar.com\/avatar\/a5b4016818a1e27def494550d73b9a1bcfba0a59f654ca2887fcc34e7efe14cc?s=96&d=mm&r=g","contentUrl":"https:\/\/secure.gravatar.com\/avatar\/a5b4016818a1e27def494550d73b9a1bcfba0a59f654ca2887fcc34e7efe14cc?s=96&d=mm&r=g","caption":"Raymond Corten"},"sameAs":["http:\/\/www.flane.ch"],"url":"https:\/\/www.flane.ch\/blog\/author\/raymond\/"}]}},"_links":{"self":[{"href":"https:\/\/www.flane.ch\/blog\/wp-json\/wp\/v2\/posts\/230","targetHints":{"allow":["GET"]}}],"collection":[{"href":"https:\/\/www.flane.ch\/blog\/wp-json\/wp\/v2\/posts"}],"about":[{"href":"https:\/\/www.flane.ch\/blog\/wp-json\/wp\/v2\/types\/post"}],"author":[{"embeddable":true,"href":"https:\/\/www.flane.ch\/blog\/wp-json\/wp\/v2\/users\/17"}],"replies":[{"embeddable":true,"href":"https:\/\/www.flane.ch\/blog\/wp-json\/wp\/v2\/comments?post=230"}],"version-history":[{"count":10,"href":"https:\/\/www.flane.ch\/blog\/wp-json\/wp\/v2\/posts\/230\/revisions"}],"predecessor-version":[{"id":244,"href":"https:\/\/www.flane.ch\/blog\/wp-json\/wp\/v2\/posts\/230\/revisions\/244"}],"wp:featuredmedia":[{"embeddable":true,"href":"https:\/\/www.flane.ch\/blog\/wp-json\/wp\/v2\/media\/236"}],"wp:attachment":[{"href":"https:\/\/www.flane.ch\/blog\/wp-json\/wp\/v2\/media?parent=230"}],"wp:term":[{"taxonomy":"category","embeddable":true,"href":"https:\/\/www.flane.ch\/blog\/wp-json\/wp\/v2\/categories?post=230"},{"taxonomy":"post_tag","embeddable":true,"href":"https:\/\/www.flane.ch\/blog\/wp-json\/wp\/v2\/tags?post=230"}],"curies":[{"name":"wp","href":"https:\/\/api.w.org\/{rel}","templated":true}]}}